{"id":2121,"date":"2025-06-01T10:00:32","date_gmt":"2025-06-01T10:00:32","guid":{"rendered":"https:\/\/farrobinhas.cm-faro.pt\/index.php\/?p=2121"},"modified":"2025-06-05T08:39:03","modified_gmt":"2025-06-05T08:39:03","slug":"uma-aventura-molecular","status":"publish","type":"post","link":"https:\/\/farrobinhas.cm-faro.pt\/index.php\/2025\/06\/01\/uma-aventura-molecular\/","title":{"rendered":"&#8220;Uma Aventura Molecular!&#8221;"},"content":{"rendered":"<p><strong>Feliz Dia da Crian\u00e7a!<\/strong><\/p>\n<p>De forma a celebrar este dia t\u00e3o especial, o\u00a0<strong>Munic\u00edpio de Faro<\/strong>\u00a0e a\u00a0<strong>Fagar<\/strong>\u00a0presentearam todas as crian\u00e7as com o lan\u00e7amento da nova aventura d\u2019<strong>Os Farrobinhas<\/strong>: \u201c<a href=\"https:\/\/farrobinhas.cm-faro.pt\/uma-aventura-molecular\">Uma Aventura Molecular!<\/a>\u201d nas atividades de comemora\u00e7\u00e3o do \u201cDia da Crian\u00e7a\u201d no Jardim da Alameda.<\/p>\n<p>Os Farrobinhas chegaram com uma nova aventura para nos desafiar.<br \/>\nJunta-te a eles na luta de poupan\u00e7a de \u00e1gua e mostra-nos que cada gesto pode fazer a diferen\u00e7a no \u00e2mbito da Seca Ambiental.<\/p>\n<p>Podes encontrar a nova aventura dos Farrobinhas atrav\u00e9s do t\u00edtulo da hist\u00f3ria aqui \u2013 <strong><a href=\"https:\/\/farrobinhas.cm-faro.pt\/uma-aventura-molecular\">Uma Aventura Molecular!<\/a><\/strong><\/p>\n<p>&nbsp;<\/p>\n","protected":false},"excerpt":{"rendered":"<p>Feliz Dia da Crian\u00e7a! De forma a celebrar este dia t\u00e3o especial, o\u00a0Munic\u00edpio de Faro\u00a0e a\u00a0Fagar\u00a0presentearam todas as crian\u00e7as com o lan\u00e7amento da nova aventura d\u2019Os Farrobinhas: \u201cUma Aventura Molecular!\u201d nas atividades de comemora\u00e7\u00e3o do \u201cDia da Crian\u00e7a\u201d no Jardim da Alameda. Os Farrobinhas chegaram com uma nova aventura para nos desafiar. Junta-te a eles na luta de poupan\u00e7a de \u00e1gua e mostra-nos que cada gesto pode fazer a diferen\u00e7a no \u00e2mbito da Seca Ambiental. Podes encontrar a nova aventura dos Farrobinhas atrav\u00e9s do t\u00edtulo da hist\u00f3ria aqui \u2013 Uma Aventura Molecular! &nbsp;<\/p>\n","protected":false},"author":1,"featured_media":2119,"comment_status":"open","ping_status":"open","sticky":false,"template":"","format":"standard","meta":{"footnotes":""},"categories":[14,15,12],"tags":[],"_links":{"self":[{"href":"https:\/\/farrobinhas.cm-faro.pt\/index.php\/wp-json\/wp\/v2\/posts\/2121"}],"collection":[{"href":"https:\/\/farrobinhas.cm-faro.pt\/index.php\/wp-json\/wp\/v2\/posts"}],"about":[{"href":"https:\/\/farrobinhas.cm-faro.pt\/index.php\/wp-json\/wp\/v2\/types\/post"}],"author":[{"embeddable":true,"href":"https:\/\/farrobinhas.cm-faro.pt\/index.php\/wp-json\/wp\/v2\/users\/1"}],"replies":[{"embeddable":true,"href":"https:\/\/farrobinhas.cm-faro.pt\/index.php\/wp-json\/wp\/v2\/comments?post=2121"}],"version-history":[{"count":2,"href":"https:\/\/farrobinhas.cm-faro.pt\/index.php\/wp-json\/wp\/v2\/posts\/2121\/revisions"}],"predecessor-version":[{"id":2124,"href":"https:\/\/farrobinhas.cm-faro.pt\/index.php\/wp-json\/wp\/v2\/posts\/2121\/revisions\/2124"}],"wp:featuredmedia":[{"embeddable":true,"href":"https:\/\/farrobinhas.cm-faro.pt\/index.php\/wp-json\/wp\/v2\/media\/2119"}],"wp:attachment":[{"href":"https:\/\/farrobinhas.cm-faro.pt\/index.php\/wp-json\/wp\/v2\/media?parent=2121"}],"wp:term":[{"taxonomy":"category","embeddable":true,"href":"https:\/\/farrobinhas.cm-faro.pt\/index.php\/wp-json\/wp\/v2\/categories?post=2121"},{"taxonomy":"post_tag","embeddable":true,"href":"https:\/\/farrobinhas.cm-faro.pt\/index.php\/wp-json\/wp\/v2\/tags?post=2121"}],"curies":[{"name":"wp","href":"https:\/\/api.w.org\/{rel}","templated":true}]}}