{"id":1567,"date":"2022-12-05T17:23:13","date_gmt":"2022-12-05T17:23:13","guid":{"rendered":"http:\/\/farrobinhas.cm-faro.pt\/index.php\/?p=1567"},"modified":"2023-12-12T13:18:15","modified_gmt":"2023-12-12T13:18:15","slug":"o-zooniverso","status":"publish","type":"post","link":"https:\/\/farrobinhas.cm-faro.pt\/index.php\/2022\/12\/05\/o-zooniverso\/","title":{"rendered":"O &#8220;Zooniverso&#8221;"},"content":{"rendered":"<p>Os nossos <strong>Farrobinhas<\/strong> est\u00e3o de volta para mais uma aventura, desta vez dedicada \u00e0 mobilidade e \u00e0 forma como cada um de n\u00f3s se move na nossa cidade e no nosso concelho.<br \/>\nEntre muitas perip\u00e9cias, os nossos her\u00f3is farenses v\u00e3o ajudar-nos a refletir sobre os temas da mobilidade sustent\u00e1vel e da acessibilidade para todos, bem como da necessidade de prevenir comportamentos de risco, apelando a uma postura de responsabilidade e civismo.<\/p>\n<p><img loading=\"lazy\" decoding=\"async\" src=\"https:\/\/static.xx.fbcdn.net\/images\/emoji.php\/v9\/t88\/1\/16\/1f385.png\" alt=\"&#x1f385;\" width=\"16\" height=\"16\" \/> A <strong>Casa do Pai Natal<\/strong>, na baixa de Faro, est\u00e1 totalmente dedicada a esta tem\u00e1tica e onde poder\u00e1, tamb\u00e9m, recolher o livro &#8220;<strong>Zooniverso<\/strong>&#8220;. A Casa est\u00e1 situada na antiga loja da Zara (rua de Santo Ant\u00f3nio) e est\u00e1 aberta de segunda-feira a domingo, das 10h \u00e0s 19h.<\/p>\n<p>Podes encontrar a nova aventura dos Farrobinhas atrav\u00e9s do t\u00edtulo da hist\u00f3ria aqui &#8211; <strong><a href=\"https:\/\/farrobinhas.cm-faro.pt\/zooniverso\/\">Zooniverso<\/a><\/strong><\/p>\n","protected":false},"excerpt":{"rendered":"<p>Os nossos Farrobinhas est\u00e3o de volta para mais uma aventura, desta vez dedicada \u00e0 mobilidade e \u00e0 forma como cada um de n\u00f3s se move na nossa cidade e no nosso concelho. Entre muitas perip\u00e9cias, os nossos her\u00f3is farenses v\u00e3o ajudar-nos a refletir sobre os temas da mobilidade sustent\u00e1vel e da acessibilidade para todos, bem como da necessidade de prevenir comportamentos de risco, apelando a uma postura de responsabilidade e civismo. A Casa do Pai Natal, na baixa de Faro, est\u00e1 totalmente dedicada a esta tem\u00e1tica e onde poder\u00e1, tamb\u00e9m, recolher o livro &#8220;Zooniverso&#8220;. A Casa est\u00e1 situada na antiga loja da Zara (rua de Santo Ant\u00f3nio) e est\u00e1 aberta de segunda-feira a domingo, das 10h \u00e0s 19h. Podes encontrar a nova aventura dos Farrobinhas atrav\u00e9s do t\u00edtulo da hist\u00f3ria aqui &#8211; Zooniverso<\/p>\n","protected":false},"author":1,"featured_media":1569,"comment_status":"open","ping_status":"open","sticky":false,"template":"","format":"standard","meta":{"footnotes":""},"categories":[14,15,12],"tags":[],"_links":{"self":[{"href":"https:\/\/farrobinhas.cm-faro.pt\/index.php\/wp-json\/wp\/v2\/posts\/1567"}],"collection":[{"href":"https:\/\/farrobinhas.cm-faro.pt\/index.php\/wp-json\/wp\/v2\/posts"}],"about":[{"href":"https:\/\/farrobinhas.cm-faro.pt\/index.php\/wp-json\/wp\/v2\/types\/post"}],"author":[{"embeddable":true,"href":"https:\/\/farrobinhas.cm-faro.pt\/index.php\/wp-json\/wp\/v2\/users\/1"}],"replies":[{"embeddable":true,"href":"https:\/\/farrobinhas.cm-faro.pt\/index.php\/wp-json\/wp\/v2\/comments?post=1567"}],"version-history":[{"count":5,"href":"https:\/\/farrobinhas.cm-faro.pt\/index.php\/wp-json\/wp\/v2\/posts\/1567\/revisions"}],"predecessor-version":[{"id":1884,"href":"https:\/\/farrobinhas.cm-faro.pt\/index.php\/wp-json\/wp\/v2\/posts\/1567\/revisions\/1884"}],"wp:featuredmedia":[{"embeddable":true,"href":"https:\/\/farrobinhas.cm-faro.pt\/index.php\/wp-json\/wp\/v2\/media\/1569"}],"wp:attachment":[{"href":"https:\/\/farrobinhas.cm-faro.pt\/index.php\/wp-json\/wp\/v2\/media?parent=1567"}],"wp:term":[{"taxonomy":"category","embeddable":true,"href":"https:\/\/farrobinhas.cm-faro.pt\/index.php\/wp-json\/wp\/v2\/categories?post=1567"},{"taxonomy":"post_tag","embeddable":true,"href":"https:\/\/farrobinhas.cm-faro.pt\/index.php\/wp-json\/wp\/v2\/tags?post=1567"}],"curies":[{"name":"wp","href":"https:\/\/api.w.org\/{rel}","templated":true}]}}