{"id":1472,"date":"2022-06-01T10:34:48","date_gmt":"2022-06-01T10:34:48","guid":{"rendered":"http:\/\/farrobinhas.cm-faro.pt\/index.php\/?p=1472"},"modified":"2023-12-12T13:17:06","modified_gmt":"2023-12-12T13:17:06","slug":"ciclo-das-cascas","status":"publish","type":"post","link":"https:\/\/farrobinhas.cm-faro.pt\/index.php\/2022\/06\/01\/ciclo-das-cascas\/","title":{"rendered":"O &#8220;Ciclo das Cascas&#8221;"},"content":{"rendered":"<p><strong>Feliz Dia da Crian\u00e7a!<\/strong><\/p>\n<p>De forma a celebrar este dia t\u00e3o especial, o\u00a0<strong>Munic\u00edpio de Faro<\/strong> e a <strong>Fagar<\/strong> presenteiam todas as crian\u00e7as com o lan\u00e7amento da nova aventura d\u2019<strong>Os Farrobinhas<\/strong>: &#8220;<a href=\"https:\/\/farrobinhas.cm-faro.pt\/ciclo-das-cascas\/\">Ciclo das Cascas<\/a>&#8221;<\/p>\n<p>Os Farrobinhas chegaram com uma nova aventura para nos desafiar.<br \/>\nVem descobrir com eles o qu\u00e3o importante \u00e9 o reencontro com a natureza e o respeito pelos nossos ecossistemas.<\/p>\n<p>Podes encontrar a nova aventura dos Farrobinhas atrav\u00e9s do t\u00edtulo da hist\u00f3ria aqui &#8211; <strong><a href=\"https:\/\/farrobinhas.cm-faro.pt\/ciclo-das-cascas\/\">Ciclo das Cascas<\/a><\/strong><\/p>\n","protected":false},"excerpt":{"rendered":"<p>Feliz Dia da Crian\u00e7a! De forma a celebrar este dia t\u00e3o especial, o\u00a0Munic\u00edpio de Faro e a Fagar presenteiam todas as crian\u00e7as com o lan\u00e7amento da nova aventura d\u2019Os Farrobinhas: &#8220;Ciclo das Cascas&#8221; Os Farrobinhas chegaram com uma nova aventura para nos desafiar. Vem descobrir com eles o qu\u00e3o importante \u00e9 o reencontro com a natureza e o respeito pelos nossos ecossistemas. Podes encontrar a nova aventura dos Farrobinhas atrav\u00e9s do t\u00edtulo da hist\u00f3ria aqui &#8211; Ciclo das Cascas<\/p>\n","protected":false},"author":1,"featured_media":1455,"comment_status":"open","ping_status":"open","sticky":false,"template":"","format":"standard","meta":{"footnotes":""},"categories":[14,12],"tags":[],"_links":{"self":[{"href":"https:\/\/farrobinhas.cm-faro.pt\/index.php\/wp-json\/wp\/v2\/posts\/1472"}],"collection":[{"href":"https:\/\/farrobinhas.cm-faro.pt\/index.php\/wp-json\/wp\/v2\/posts"}],"about":[{"href":"https:\/\/farrobinhas.cm-faro.pt\/index.php\/wp-json\/wp\/v2\/types\/post"}],"author":[{"embeddable":true,"href":"https:\/\/farrobinhas.cm-faro.pt\/index.php\/wp-json\/wp\/v2\/users\/1"}],"replies":[{"embeddable":true,"href":"https:\/\/farrobinhas.cm-faro.pt\/index.php\/wp-json\/wp\/v2\/comments?post=1472"}],"version-history":[{"count":6,"href":"https:\/\/farrobinhas.cm-faro.pt\/index.php\/wp-json\/wp\/v2\/posts\/1472\/revisions"}],"predecessor-version":[{"id":1882,"href":"https:\/\/farrobinhas.cm-faro.pt\/index.php\/wp-json\/wp\/v2\/posts\/1472\/revisions\/1882"}],"wp:featuredmedia":[{"embeddable":true,"href":"https:\/\/farrobinhas.cm-faro.pt\/index.php\/wp-json\/wp\/v2\/media\/1455"}],"wp:attachment":[{"href":"https:\/\/farrobinhas.cm-faro.pt\/index.php\/wp-json\/wp\/v2\/media?parent=1472"}],"wp:term":[{"taxonomy":"category","embeddable":true,"href":"https:\/\/farrobinhas.cm-faro.pt\/index.php\/wp-json\/wp\/v2\/categories?post=1472"},{"taxonomy":"post_tag","embeddable":true,"href":"https:\/\/farrobinhas.cm-faro.pt\/index.php\/wp-json\/wp\/v2\/tags?post=1472"}],"curies":[{"name":"wp","href":"https:\/\/api.w.org\/{rel}","templated":true}]}}